{"id":2287,"date":"2022-03-26T19:00:00","date_gmt":"2022-03-26T17:00:00","guid":{"rendered":"https:\/\/www.russiansagainstthewar.se\/?p=2287"},"modified":"2022-04-28T17:06:56","modified_gmt":"2022-04-28T15:06:56","slug":"aftonbladet","status":"publish","type":"post","link":"https:\/\/www.russiansagainstthewar.se\/sv\/2022\/03\/26\/aftonbladet\/","title":{"rendered":"Rapport om demonstrationen p\u00e5 Sergels torg"},"content":{"rendered":"<p>Vid en antikrigsdemonstration som anordnas varje vecka av det <a href=\"https:\/\/nuforum.se\/\" target=\"_blank\" rel=\"noreferrer noopener nofollow\" title=\"Ukrainian Nordic Forum\">Ukrainian Nordic Forum<\/a>ber\u00e4ttade Sergej Prokhorov, en av representerna f\u00f6r antikrigskommitt\u00e9n, f\u00f6r Aftonbladet varf\u00f6r han deltog i protestaktiviteten.<\/p>\n\n\n\n<p><a href=\"https:\/\/www.aftonbladet.se\/nyheter\/a\/z711bK\/demonstration-mot-kriget-i-ukraina-pa-sergels-torg-i-stockholm\" target=\"_blank\" rel=\"noreferrer noopener nofollow\">https:\/\/www.aftonbladet.se\/nyheter\/a\/z711bK\/demonstration-mot-kriget-i-ukraina-pa-sergels-torg-i-stockholm<\/a><\/p>","protected":false},"excerpt":{"rendered":"<p>\u041d\u0430 \u0435\u0436\u0435\u043d\u0435\u0434\u0435\u043b\u044c\u043d\u043e\u0439 \u0430\u043d\u0442\u0438\u0432\u043e\u0435\u043d\u043d\u043e\u0439 \u0434\u0435\u043c\u043e\u043d\u0441\u0442\u0440\u0430\u0446\u0438\u0438, \u043e\u0440\u0433\u0430\u043d\u0438\u0437\u043e\u0432\u0430\u043d\u043d\u043e\u0439 Ukrainian Nordic Forum, \u0421\u0435\u0440\u0433\u0435\u0439 \u041f\u0440\u043e\u0445\u043e\u0440\u043e\u0432, \u043e\u0434\u0438\u043d \u0438\u0437 \u043b\u0438\u0434\u0435\u0440\u043e\u0432 \u0410\u043d\u0442\u0438\u0432\u043e\u0435\u043d\u043d\u043e\u0433\u043e \u043a\u043e\u043c\u0438\u0442\u0435\u0442\u0430, \u0440\u0430\u0441\u0441\u043a\u0430\u0437\u0430\u043b \u0440\u0435\u043f\u043e\u0440\u0442\u0435\u0440\u0443 \u0438\u0437\u0434\u0430\u043d\u0438\u044f Aftonbladet \u043f\u043e\u0447\u0435\u043c\u0443 \u043e\u043d \u0443\u0447\u0430\u0441\u0442\u0432\u0443\u0435\u0442 \u0432 \u043f\u0440\u043e\u0442\u0435\u0441\u0442\u043d\u043e\u0439 \u0430\u043a\u0442\u0438\u0432\u043d\u043e\u0441\u0442\u0438. https:\/\/www.aftonbladet.se\/nyheter\/a\/z711bK\/demonstration-mot-kriget-i-ukraina-pa-sergels-torg-i-stockholm<\/p>","protected":false},"author":3,"featured_media":2290,"comment_status":"closed","ping_status":"closed","sticky":false,"template":"","format":"standard","meta":{"_mi_skip_tracking":false,"_monsterinsights_sitenote_active":false,"_monsterinsights_sitenote_note":"","_monsterinsights_sitenote_category":0,"footnotes":""},"categories":[110],"tags":[],"class_list":["post-2287","post","type-post","status-publish","format-standard","has-post-thumbnail","hentry","category-media"],"aioseo_notices":[],"_links":{"self":[{"href":"https:\/\/www.russiansagainstthewar.se\/sv\/wp-json\/wp\/v2\/posts\/2287","targetHints":{"allow":["GET"]}}],"collection":[{"href":"https:\/\/www.russiansagainstthewar.se\/sv\/wp-json\/wp\/v2\/posts"}],"about":[{"href":"https:\/\/www.russiansagainstthewar.se\/sv\/wp-json\/wp\/v2\/types\/post"}],"author":[{"embeddable":true,"href":"https:\/\/www.russiansagainstthewar.se\/sv\/wp-json\/wp\/v2\/users\/3"}],"replies":[{"embeddable":true,"href":"https:\/\/www.russiansagainstthewar.se\/sv\/wp-json\/wp\/v2\/comments?post=2287"}],"version-history":[{"count":1,"href":"https:\/\/www.russiansagainstthewar.se\/sv\/wp-json\/wp\/v2\/posts\/2287\/revisions"}],"predecessor-version":[{"id":2289,"href":"https:\/\/www.russiansagainstthewar.se\/sv\/wp-json\/wp\/v2\/posts\/2287\/revisions\/2289"}],"wp:featuredmedia":[{"embeddable":true,"href":"https:\/\/www.russiansagainstthewar.se\/sv\/wp-json\/wp\/v2\/media\/2290"}],"wp:attachment":[{"href":"https:\/\/www.russiansagainstthewar.se\/sv\/wp-json\/wp\/v2\/media?parent=2287"}],"wp:term":[{"taxonomy":"category","embeddable":true,"href":"https:\/\/www.russiansagainstthewar.se\/sv\/wp-json\/wp\/v2\/categories?post=2287"},{"taxonomy":"post_tag","embeddable":true,"href":"https:\/\/www.russiansagainstthewar.se\/sv\/wp-json\/wp\/v2\/tags?post=2287"}],"curies":[{"name":"wp","href":"https:\/\/api.w.org\/{rel}","templated":true}]}}